{"id":2665,"date":"2016-07-06T06:41:19","date_gmt":"2016-07-06T06:41:19","guid":{"rendered":"http:\/\/www.grupotuttopiccolo.com\/?p=2665"},"modified":"2026-04-29T20:37:16","modified_gmt":"2026-04-29T20:37:16","slug":"tutto-piccolo-primavera-verano-17","status":"publish","type":"post","link":"https:\/\/www.grupotuttopiccolo.com\/fr\/tutto-piccolo-primavera-verano-17\/","title":{"rendered":"(Espa\u00f1ol) Tutto Piccolo Primavera Verano 17"},"content":{"rendered":"<p class=\"qtranxs-available-languages-message qtranxs-available-languages-message-fr\">D\u00e9sol\u00e9, cet article est seulement disponible en <a href=\"https:\/\/www.grupotuttopiccolo.com\/es\/wp-json\/wp\/v2\/posts\/2665\" class=\"qtranxs-available-language-link qtranxs-available-language-link-es\" title=\"Espa\u00f1ol\">Espagnol Europ\u00e9en<\/a> et <a href=\"https:\/\/www.grupotuttopiccolo.com\/en\/wp-json\/wp\/v2\/posts\/2665\" class=\"qtranxs-available-language-link qtranxs-available-language-link-en\" title=\"English\">Anglais Am\u00e9ricain<\/a>.<\/p>","protected":false},"excerpt":{"rendered":"<p>D\u00e9sol\u00e9, cet article est seulement disponible en Espagnol Europ\u00e9en et Anglais Am\u00e9ricain.<\/p>\n","protected":false},"author":6,"featured_media":2717,"comment_status":"open","ping_status":"open","sticky":false,"template":"","format":"standard","meta":{"footnotes":""},"categories":[7,64,8],"tags":[],"aioseo_notices":[],"yoast_head":"<!-- This site is optimized with the Yoast SEO plugin v16.2 - https:\/\/yoast.com\/wordpress\/plugins\/seo\/ -->\n<meta name=\"robots\" content=\"index, follow, max-snippet:-1, max-image-preview:large, max-video-preview:-1\" \/>\n<link rel=\"canonical\" href=\"https:\/\/www.grupotuttopiccolo.com\/tutto-piccolo-primavera-verano-17\/\" \/>\n<meta property=\"og:locale\" content=\"fr_FR\" \/>\n<meta property=\"og:type\" content=\"article\" \/>\n<meta property=\"og:title\" content=\"(Espa\u00f1ol) Tutto Piccolo Primavera Verano 17 - Grupo Tutto Piccolo\" \/>\n<meta property=\"og:description\" content=\"D\u00e9sol\u00e9, cet article est seulement disponible en Espagnol Europ\u00e9en et Anglais Am\u00e9ricain.\" \/>\n<meta property=\"og:url\" content=\"https:\/\/www.grupotuttopiccolo.com\/tutto-piccolo-primavera-verano-17\/\" \/>\n<meta property=\"og:site_name\" content=\"Grupo Tutto Piccolo\" \/>\n<meta property=\"article:published_time\" content=\"2016-07-06T06:41:19+00:00\" \/>\n<meta property=\"article:modified_time\" content=\"2026-04-29T20:37:16+00:00\" \/>\n<meta property=\"og:image\" content=\"https:\/\/www.grupotuttopiccolo.com\/wp-content\/uploads\/2016\/06\/pa.jpg\" \/>\n\t<meta property=\"og:image:width\" content=\"840\" \/>\n\t<meta property=\"og:image:height\" content=\"309\" \/>\n<meta name=\"twitter:label1\" content=\"Est. reading time\">\n\t<meta name=\"twitter:data1\" content=\"3 minutes\">\n<script type=\"application\/ld+json\" class=\"yoast-schema-graph\">{\"@context\":\"https:\/\/schema.org\",\"@graph\":[{\"@type\":\"WebSite\",\"@id\":\"https:\/\/www.grupotuttopiccolo.com\/#website\",\"url\":\"https:\/\/www.grupotuttopiccolo.com\/\",\"name\":\"Grupo Tutto Piccolo\",\"description\":\"Tutto Piccolo, ropa infantil, ropa bebe, ni\\u00f1o, ni\\u00f1a, tienda online, moda infantil, newborn, minikinder, vestido ni\\u00f1a, bebe\",\"potentialAction\":[{\"@type\":\"SearchAction\",\"target\":\"https:\/\/www.grupotuttopiccolo.com\/?s={search_term_string}\",\"query-input\":\"required name=search_term_string\"}],\"inLanguage\":\"fr-FR\"},{\"@type\":\"ImageObject\",\"@id\":\"https:\/\/www.grupotuttopiccolo.com\/tutto-piccolo-primavera-verano-17\/#primaryimage\",\"inLanguage\":\"fr-FR\",\"url\":\"https:\/\/www.grupotuttopiccolo.com\/wp-content\/uploads\/2016\/06\/pa.jpg\",\"contentUrl\":\"https:\/\/www.grupotuttopiccolo.com\/wp-content\/uploads\/2016\/06\/pa.jpg\",\"width\":840,\"height\":309},{\"@type\":\"WebPage\",\"@id\":\"https:\/\/www.grupotuttopiccolo.com\/tutto-piccolo-primavera-verano-17\/#webpage\",\"url\":\"https:\/\/www.grupotuttopiccolo.com\/tutto-piccolo-primavera-verano-17\/\",\"name\":\"(Espa\\u00f1ol) Tutto Piccolo Primavera Verano 17 - Grupo Tutto Piccolo\",\"isPartOf\":{\"@id\":\"https:\/\/www.grupotuttopiccolo.com\/#website\"},\"primaryImageOfPage\":{\"@id\":\"https:\/\/www.grupotuttopiccolo.com\/tutto-piccolo-primavera-verano-17\/#primaryimage\"},\"datePublished\":\"2016-07-06T06:41:19+00:00\",\"dateModified\":\"2026-04-29T20:37:16+00:00\",\"author\":{\"@id\":\"https:\/\/www.grupotuttopiccolo.com\/#\/schema\/person\/8470580a649bb9881afe62de09b3bc84\"},\"breadcrumb\":{\"@id\":\"https:\/\/www.grupotuttopiccolo.com\/tutto-piccolo-primavera-verano-17\/#breadcrumb\"},\"inLanguage\":\"fr-FR\",\"potentialAction\":[{\"@type\":\"ReadAction\",\"target\":[\"https:\/\/www.grupotuttopiccolo.com\/tutto-piccolo-primavera-verano-17\/\"]}]},{\"@type\":\"BreadcrumbList\",\"@id\":\"https:\/\/www.grupotuttopiccolo.com\/tutto-piccolo-primavera-verano-17\/#breadcrumb\",\"itemListElement\":[{\"@type\":\"ListItem\",\"position\":1,\"item\":{\"@type\":\"WebPage\",\"@id\":\"https:\/\/www.grupotuttopiccolo.com\/\",\"url\":\"https:\/\/www.grupotuttopiccolo.com\/\",\"name\":\"Home\"}},{\"@type\":\"ListItem\",\"position\":2,\"item\":{\"@id\":\"https:\/\/www.grupotuttopiccolo.com\/tutto-piccolo-primavera-verano-17\/#webpage\"}}]},{\"@type\":\"Person\",\"@id\":\"https:\/\/www.grupotuttopiccolo.com\/#\/schema\/person\/8470580a649bb9881afe62de09b3bc84\",\"name\":\"Manu\",\"image\":{\"@type\":\"ImageObject\",\"@id\":\"https:\/\/www.grupotuttopiccolo.com\/#personlogo\",\"inLanguage\":\"fr-FR\",\"url\":\"https:\/\/secure.gravatar.com\/avatar\/0a1f80a22bd58dbadcec1f8d34c9e3b2?s=96&d=mm&r=g\",\"contentUrl\":\"https:\/\/secure.gravatar.com\/avatar\/0a1f80a22bd58dbadcec1f8d34c9e3b2?s=96&d=mm&r=g\",\"caption\":\"Manu\"}}]}<\/script>\n<!-- \/ Yoast SEO plugin. -->","_links":{"self":[{"href":"https:\/\/www.grupotuttopiccolo.com\/fr\/wp-json\/wp\/v2\/posts\/2665"}],"collection":[{"href":"https:\/\/www.grupotuttopiccolo.com\/fr\/wp-json\/wp\/v2\/posts"}],"about":[{"href":"https:\/\/www.grupotuttopiccolo.com\/fr\/wp-json\/wp\/v2\/types\/post"}],"author":[{"embeddable":true,"href":"https:\/\/www.grupotuttopiccolo.com\/fr\/wp-json\/wp\/v2\/users\/6"}],"replies":[{"embeddable":true,"href":"https:\/\/www.grupotuttopiccolo.com\/fr\/wp-json\/wp\/v2\/comments?post=2665"}],"version-history":[{"count":0,"href":"https:\/\/www.grupotuttopiccolo.com\/fr\/wp-json\/wp\/v2\/posts\/2665\/revisions"}],"wp:featuredmedia":[{"embeddable":true,"href":"https:\/\/www.grupotuttopiccolo.com\/fr\/wp-json\/wp\/v2\/media\/2717"}],"wp:attachment":[{"href":"https:\/\/www.grupotuttopiccolo.com\/fr\/wp-json\/wp\/v2\/media?parent=2665"}],"wp:term":[{"taxonomy":"category","embeddable":true,"href":"https:\/\/www.grupotuttopiccolo.com\/fr\/wp-json\/wp\/v2\/categories?post=2665"},{"taxonomy":"post_tag","embeddable":true,"href":"https:\/\/www.grupotuttopiccolo.com\/fr\/wp-json\/wp\/v2\/tags?post=2665"}],"curies":[{"name":"wp","href":"https:\/\/api.w.org\/{rel}","templated":true}]}}